[{"@context":"https:\/\/schema.org\/","@type":"Article","@id":"https:\/\/www.solutio.sk\/ako-mozu-mat-pekne-vonavu-bielizen-aj-ludia-s-citlivou-pokozkou\/#Article","mainEntityOfPage":"https:\/\/www.solutio.sk\/ako-mozu-mat-pekne-vonavu-bielizen-aj-ludia-s-citlivou-pokozkou\/","headline":"Ako m\u00f4\u017eu ma\u0165 pekne vo\u0148av\u00fa bielize\u0148 aj \u013eudia s citlivou poko\u017ekou?","name":"Ako m\u00f4\u017eu ma\u0165 pekne vo\u0148av\u00fa bielize\u0148 aj \u013eudia s citlivou poko\u017ekou?","description":"\u013dudia s citlivou poko\u017ekou \u010delia pri pran\u00ed bielizne \u010dasto ve\u013emi n\u00e1ro\u010dn\u00fdm v\u00fdzvam. Mnoh\u00e9 konven\u010dn\u00e9 pracie prostriedky im nesedia a m\u00f4\u017eu sp\u00f4sobova\u0165 podr\u00e1\u017edenie. Rovnako sa citlivej poko\u017eke neodpor\u00fa\u010da ani be\u017en\u00e1 aviv\u00e1\u017e, [&hellip;]","datePublished":"2024-03-27","dateModified":"2024-04-05","author":{"@type":"Person","@id":"https:\/\/www.solutio.sk\/author\/devene\/#Person","name":"devene","url":"https:\/\/www.solutio.sk\/author\/devene\/","identifier":1,"image":{"@type":"ImageObject","@id":"https:\/\/secure.gravatar.com\/avatar\/b70ca3e57a61efa655568ea1bab21ec867ae74beaf8b182b9ca53fe6fcb8cee7?s=96&d=mm&r=g","url":"https:\/\/secure.gravatar.com\/avatar\/b70ca3e57a61efa655568ea1bab21ec867ae74beaf8b182b9ca53fe6fcb8cee7?s=96&d=mm&r=g","height":96,"width":96}},"publisher":{"@type":"Organization","name":"solutio.sk","logo":{"@type":"ImageObject","@id":"\/logo.png","url":"\/logo.png","width":600,"height":60}},"image":{"@type":"ImageObject","@id":"https:\/\/www.solutio.sk\/wp-content\/uploads\/parfem_na_prani_DUXqTR.png","url":"https:\/\/www.solutio.sk\/wp-content\/uploads\/parfem_na_prani_DUXqTR.png","height":0,"width":0},"url":"https:\/\/www.solutio.sk\/ako-mozu-mat-pekne-vonavu-bielizen-aj-ludia-s-citlivou-pokozkou\/","about":["V\u00fdrobky"],"wordCount":411,"articleBody":"        \u013dudia s citlivou poko\u017ekou \u010delia pri pran\u00ed bielizne \u010dasto ve\u013emi n\u00e1ro\u010dn\u00fdm v\u00fdzvam. Mnoh\u00e9 konven\u010dn\u00e9 pracie prostriedky im nesedia a m\u00f4\u017eu sp\u00f4sobova\u0165 podr\u00e1\u017edenie. Rovnako sa citlivej poko\u017eke neodpor\u00fa\u010da ani be\u017en\u00e1 aviv\u00e1\u017e, ktor\u00e1 m\u00f4\u017ee obsahova\u0165 parfumy a chemik\u00e1lie, ktor\u00e9 poko\u017eku dr\u00e1\u017edia. V\u00e4\u010d\u0161inou sa \u013eu\u010fom s citlivou poko\u017ekou alebo dokonca a\u017e alergiami neodpor\u00fa\u010da pou\u017e\u00edva\u0165 aviv\u00e1\u017e v\u00f4bec. Maj\u00fa sa v\u0161ak preto \u00faplne vzda\u0165 z\u00e1\u017eitku z kr\u00e1snej svie\u017eej v\u00f4ne na \u010disto opranej bielizni u\u017e nav\u017edy? Rozhodne, nie! V tomto \u010dl\u00e1nku v\u00e1m pribl\u00ed\u017eime, ako m\u00f4\u017eete ma\u0165 aj vy, napriek tomu, \u017ee m\u00e1te citliv\u00fa poko\u017eku, n\u00e1dherne vo\u0148av\u00fa bielize\u0148 a uter\u00e1ky \u010di poste\u013en\u00e9 pr\u00e1dlo.   Pr\u00edrodn\u00e1 v\u00f4\u0148a a e\u0161te k tomu na citliv\u00fa poko\u017eku  Vonn\u00e9 oleje na pranie Essentia predstavuj\u00fa inovat\u00edvne rie\u0161enie, ako sa d\u00e1 bielize\u0148 rozvo\u0148a\u0165 namiesto aviv\u00e1\u017ee. Sta\u010d\u00ed prida\u0165 zop\u00e1r kvapiek alebo mililitrov do d\u00e1vkova\u010da na aviv\u00e1\u017e a po opran\u00ed bude bielize\u0148 n\u00e1dherne vo\u0148av\u00e1 bez oh\u013eadu na to, na akej teplote \u010di programe pr\u00e1ve periete. Essentia olejov\u00e9 parf\u00e9my do praniamaj\u00fa na slovenskom trhu ako jedin\u00e9 certifik\u00e1t \u201evhodn\u00e9 na citliv\u00fa poko\u017eku\u201c. Prin\u00e1\u0161aj\u00fa tak jedine\u010dn\u00e9 rie\u0161enie pre \u013eud\u00ed, ktor\u00ed nem\u00f4\u017eu pou\u017e\u00edva\u0165 klasick\u00e9 aviv\u00e1\u017ee, ako m\u00f4\u017eu ma\u0165 aj oni n\u00e1dherne svie\u017eu bielize\u0148 pln\u00fa jedine\u010dnej v\u00f4ne. Essentia v\u00f4\u0148a do pr\u00e1\u010dky obsahuje vonn\u00e9 zlo\u017eky, ktor\u00e9 s\u00fa zlo\u017een\u00e9 z pr\u00edrodn\u00fdch esenci\u00e1lnych olejov. Tie predstavuj\u00fa pr\u00edrodn\u00e9 l\u00e1tky vyskytuj\u00face sa v rastlin\u00e1ch \u010di k\u00f4re stromov. Z nich sa z\u00edskavaj\u00fa esenci\u00e1lne oleje napr\u00edklad destil\u00e1ciou a pou\u017e\u00edvaj\u00fa v aromaterapii, ako aj na v\u00fdrobu kozmetiky a drog\u00e9rie.   A zrazu m\u00e1te ve\u013ek\u00fd v\u00fdber v\u00f4n\u00ed!  Dostali sme sa teda zo stavu, kedy \u010dlovek s citlivou poko\u017ekou nem\u00f4\u017ee pou\u017e\u00edva\u0165 takmer \u017eiadnu v\u00f4\u0148u na pranie, a\u017e do situ\u00e1cie, kedy m\u00e1te na v\u00fdber cel\u00fd rad n\u00e1dhern\u00fdch svie\u017eich pr\u00edrodn\u00fdch v\u00f4n\u00ed do pr\u00e1\u010dky. Tie si m\u00f4\u017eete vysk\u00fa\u0161a\u0165 alebo priamo objedna\u0165. Va\u0161e pranie tak op\u00e4\u0165 dostane ten spr\u00e1vny \u0161mrnc a urob\u00ed v\u00e1m rados\u0165 pr\u00edrodnou a pr\u00edjemnou v\u00f4\u0148ou od v\u00fdmyslu sveta.                                                                                                                                                                                                                                                                                                                                                                                          4.1\/5 - (8 votes)        "},{"@context":"https:\/\/schema.org\/","@type":"BreadcrumbList","itemListElement":[{"@type":"ListItem","position":1,"name":"Ako m\u00f4\u017eu ma\u0165 pekne vo\u0148av\u00fa bielize\u0148 aj \u013eudia s citlivou poko\u017ekou?","item":"https:\/\/www.solutio.sk\/ako-mozu-mat-pekne-vonavu-bielizen-aj-ludia-s-citlivou-pokozkou\/#breadcrumbitem"}]}]