[{"@context":"https:\/\/schema.org\/","@type":"Article","@id":"https:\/\/www.solutio.sk\/tuto-jesen-ovladli-vyrazne-celenky-do-vlasov-ktore-ozivia-kazdy-outfit\/#Article","mainEntityOfPage":"https:\/\/www.solutio.sk\/tuto-jesen-ovladli-vyrazne-celenky-do-vlasov-ktore-ozivia-kazdy-outfit\/","headline":"T\u00fato jese\u0148 ovl\u00e1dli v\u00fdrazn\u00e9 \u010delenky do vlasov, ktor\u00e9 o\u017eivia ka\u017ed\u00fd outfit","name":"T\u00fato jese\u0148 ovl\u00e1dli v\u00fdrazn\u00e9 \u010delenky do vlasov, ktor\u00e9 o\u017eivia ka\u017ed\u00fd outfit","description":"Vlasy s\u00fa korunou kr\u00e1sy, a nie je to len nejak\u00fd reklamn\u00fd trik, ale pravda. Predstavte si, \u017ee by ste i\u0161li na nejak\u00fa sl\u00e1vnostn\u00fa udalos\u0165 oble\u010den\u00e1 do kr\u00e1snej ve\u010dernej r\u00f3by, ale [&hellip;]","datePublished":"2019-12-17","dateModified":"2019-12-17","author":{"@type":"Person","@id":"https:\/\/www.solutio.sk\/author\/devene\/#Person","name":"devene","url":"https:\/\/www.solutio.sk\/author\/devene\/","identifier":1,"image":{"@type":"ImageObject","@id":"https:\/\/secure.gravatar.com\/avatar\/b70ca3e57a61efa655568ea1bab21ec867ae74beaf8b182b9ca53fe6fcb8cee7?s=96&d=mm&r=g","url":"https:\/\/secure.gravatar.com\/avatar\/b70ca3e57a61efa655568ea1bab21ec867ae74beaf8b182b9ca53fe6fcb8cee7?s=96&d=mm&r=g","height":96,"width":96}},"publisher":{"@type":"Organization","name":"solutio.sk","logo":{"@type":"ImageObject","@id":"\/logo.png","url":"\/logo.png","width":600,"height":60}},"image":{"@type":"ImageObject","@id":"https:\/\/www.solutio.sk\/wp-content\/uploads\/img_a308997_w16831_t1577618894.jpg","url":"https:\/\/www.solutio.sk\/wp-content\/uploads\/img_a308997_w16831_t1577618894.jpg","height":0,"width":0},"url":"https:\/\/www.solutio.sk\/tuto-jesen-ovladli-vyrazne-celenky-do-vlasov-ktore-ozivia-kazdy-outfit\/","about":["M\u00f3da"],"wordCount":482,"articleBody":"Vlasy s\u00fa korunou kr\u00e1sy, a nie je to len nejak\u00fd reklamn\u00fd trik, ale pravda. Predstavte si, \u017ee by ste i\u0161li na nejak\u00fa sl\u00e1vnostn\u00fa udalos\u0165 oble\u010den\u00e1 do kr\u00e1snej ve\u010dernej r\u00f3by, ale va\u0161e vlasy by boli strapat\u00e9. Ak by ste si na ich \u00faprave nedali z\u00e1le\u017ea\u0165, cel\u00e1 snaha o\u00a0dokonal\u00fd outfit by vy\u0161la navnivo\u010d.\u00a0Doplnky pom\u00f4\u017eu k dokonalosti\u017deny s\u00fa so svojimi vlasmi dos\u0165 \u010dasto nespokojn\u00e9 a\u00a0zvykn\u00fa aj hrom\u017ei\u0165 na pr\u00edrodu, \u017ee im nenadelila korunu kr\u00e1sy ako z\u00a0reklamy. Bohu\u017eia\u013e, nie v\u0161etky m\u00e1me to \u0161\u0165astie, \u017ee na\u0161a hriva je hust\u00e1, ku\u010derav\u00e1 a\u00a0na poh\u013ead zdrav\u00e1, ale v\u00a0mnohom si k\u00a0tomu dok\u00e1\u017eeme pom\u00f4c\u0165 aj samy. V\u00a0prvom rade je to zdrav\u00fd \u017eivotn\u00fd \u0161t\u00fdl, strava a\u00a0aj starostlivos\u0165 o\u00a0ne. K\u00a0tomu v\u0161etk\u00e9mu n\u00e1m pom\u00e1haj\u00fa aj kozmetick\u00e9 produkty a\u00a0r\u00f4zne doplnky, ktor\u00e9 zakryj\u00fa nedostatky a\u00a0vyzdvihn\u00fa to, \u010do je na n\u00e1s pekn\u00e9 a\u00a0zauj\u00edmav\u00e9. Nadch\u00e1dzaj\u00facu sez\u00f3nu s\u00fa v\u00a0kurze \u010delenky do vlasov, ktor\u00e9 patria k \u201emust-have\u201c tejto jesene a\u00a0zimy. Vyzna\u010duj\u00fa sa praktickos\u0165ou, \u0161t\u00fdlovos\u0165ou a\u00a0n\u00e1paditos\u0165ou.\u00a0Hlavne nech s\u00fa hrub\u00e9Mnoh\u00e9 z\u00a0n\u00e1s sa v\u00a0spomienkach ur\u010dite vr\u00e1tia do minulosti, do \u010dias detstva, ke\u010f ich nosili ako mal\u00e9 \u0161kol\u00e1\u010dky a\u00a0boli ve\u013emi ob\u013e\u00faben\u00e9. Okrem toho, \u017ee mali praktick\u00fa funkciu, ke\u010f sme potrebovali udr\u017ea\u0165 vlasy odhrnut\u00e9 z\u00a0\u010dela, aby m\u00e1m neprek\u00e1\u017eali pri \u010d\u00edtan\u00ed a\u00a0p\u00edsan\u00ed v\u00a0\u0161kole, sme vyh\u013ead\u00e1vali tak\u00e9, ktor\u00e9 boli nie\u010d\u00edm v\u00fdnimo\u010dn\u00e9 a\u00a0zauj\u00edmav\u00e9. Dnes je v\u00fdber \u0161irok\u00fd a\u00a0\u010delenky z\u00edskali miesto v\u00a0\u0161atn\u00edkoch ako ist\u00fd druh \u0161perku. Hovor\u00edme o\u00a0tak\u00fdch, ktor\u00e9 sa leskn\u00fa, s\u00fa vyroben\u00e9 zo sat\u00e9nu, zamatu a\u00a0podobne. Farebn\u00e9 prevedenie je na vkuse nosite\u013eky, ale hlavn\u00fdm znakom t\u00fdch m\u00f3dnych je ich hr\u00fabka, musia by\u0165 \u010do najhrub\u0161ie. Len tak vynikn\u00fa na hlave na sp\u00f4sob korunky.\u00a0Originalita pre odv\u00e1\u017eneO\u00a0tom, \u017ee ponuka aj t\u00fdchto doplnkov je dnes neskuto\u010dne \u0161irok\u00e1, nemus\u00edme ani hovori\u0165. Dokonca sa na pultoch objavili aj ve\u013emi origin\u00e1lne k\u00fasky, ktor\u00e9 s\u00fa v\u00a0tvare napr\u00edklad croissanta. Ve\u013emi zauj\u00edmavo p\u00f4sob\u00ed viac \u010deleniek r\u00f4znej hr\u00fabky \u010di farieb ved\u013ea seba a\u00a0ur\u010den\u00e9 s\u00fa nielen na rande, ale pokojne v\u00a0nich m\u00f4\u017eete vst\u00fapi\u0165 aj do spolo\u010dnosti, ur\u010dite zabodujete. T\u00e1to ozdoba vlasov m\u00e1 jednu ve\u013ek\u00fa v\u00fdhodu napr\u00edklad pri rannom ritu\u00e1li, kedy sa zam\u00fd\u0161\u013eate, \u010do s\u00a0vlasmi. Jednoduch\u00fd outfit o\u017eiv\u00edte ve\u013emi r\u00fdchlo aplik\u00e1ciou pomerne oby\u010dajn\u00e9ho, ale n\u00e1padit\u00e9ho doplnku, dod\u00e1te mu \u00faplne in\u00fa \u00farove\u0148 a v\u00fdsledn\u00fd efekt bude okam\u017eit\u00fd.                                                                                                                                                                                                                                                                                                                                                                                        5\/5 - (3 votes)        "},{"@context":"https:\/\/schema.org\/","@type":"BreadcrumbList","itemListElement":[{"@type":"ListItem","position":1,"name":"T\u00fato jese\u0148 ovl\u00e1dli v\u00fdrazn\u00e9 \u010delenky do vlasov, ktor\u00e9 o\u017eivia ka\u017ed\u00fd outfit","item":"https:\/\/www.solutio.sk\/tuto-jesen-ovladli-vyrazne-celenky-do-vlasov-ktore-ozivia-kazdy-outfit\/#breadcrumbitem"}]}]