[{"@context":"https:\/\/schema.org\/","@type":"Article","@id":"https:\/\/www.solutio.sk\/umele-ci-zive\/#Article","mainEntityOfPage":"https:\/\/www.solutio.sk\/umele-ci-zive\/","headline":"Umel\u00e9 \u010di \u017eiv\u00e9?","name":"Umel\u00e9 \u010di \u017eiv\u00e9?","description":"Ka\u017ed\u00fd rok na prelome okt\u00f3bra a novembra nast\u00e1va obdobie, kedy s\u00fa obchody pln\u00e9 vencov, umel\u00fdch kvetov, svie\u010dok, kahancov ale aj obdobie, kedy s\u00fa obchody pln\u00e9 stra\u0161ideln\u00fdch kost\u00fdmov, tekv\u00edc a\u00a0sladkost\u00ed. Je [&hellip;]","datePublished":"2019-11-01","dateModified":"2023-04-28","author":{"@type":"Person","@id":"https:\/\/www.solutio.sk\/author\/devene\/#Person","name":"devene","url":"https:\/\/www.solutio.sk\/author\/devene\/","identifier":1,"image":{"@type":"ImageObject","@id":"https:\/\/secure.gravatar.com\/avatar\/b70ca3e57a61efa655568ea1bab21ec867ae74beaf8b182b9ca53fe6fcb8cee7?s=96&d=mm&r=g","url":"https:\/\/secure.gravatar.com\/avatar\/b70ca3e57a61efa655568ea1bab21ec867ae74beaf8b182b9ca53fe6fcb8cee7?s=96&d=mm&r=g","height":96,"width":96}},"publisher":{"@type":"Organization","name":"solutio.sk","logo":{"@type":"ImageObject","@id":"\/logo.png","url":"\/logo.png","width":600,"height":60}},"image":{"@type":"ImageObject","@id":"https:\/\/www.solutio.sk\/wp-content\/uploads\/img_a308327_w16817_t1574443312.jpg","url":"https:\/\/www.solutio.sk\/wp-content\/uploads\/img_a308327_w16817_t1574443312.jpg","height":0,"width":0},"url":"https:\/\/www.solutio.sk\/umele-ci-zive\/","about":["\u017divotn\u00fd \u0161t\u00fdl"],"wordCount":514,"articleBody":"Ka\u017ed\u00fd rok na prelome okt\u00f3bra a novembra nast\u00e1va obdobie, kedy s\u00fa obchody pln\u00e9 vencov, umel\u00fdch kvetov, svie\u010dok, kahancov ale aj obdobie, kedy s\u00fa obchody pln\u00e9 stra\u0161ideln\u00fdch kost\u00fdmov, tekv\u00edc a\u00a0sladkost\u00ed.Je to preto, lebo tieto dni s\u00fa venovan\u00e9 Pamiatke zosnul\u00fdch ako aj Halloweenu. D\u00e1 sa poveda\u0165, \u017ee Halloween sa na Slovensku ve\u013emi dobre udom\u00e1cnil. Aj napriek tomu, \u017ee nie vo v\u0161etk\u00fdch mest\u00e1ch a\u00a0dedin\u00e1ch chodia deti v\u00a0mask\u00e1ch od domu k\u00a0domu a\u00a0dost\u00e1vaj\u00fa sladkosti, tak ako sme na to zvyknut\u00ed v\u00a0telev\u00edzii \u010di v\u00a0in\u00fdch krajin\u00e1ch. Ale ist\u00fdm sp\u00f4sobom zasiahol do na\u0161ich \u017eivotov. \u013dudia si svoje z\u00e1hrady a\u00a0terasy zdobia stra\u0161ideln\u00fdmi tekvicami a\u00a0v\u00a0niektor\u00fdch mest\u00e1ch sa konaj\u00fa aj p\u00e1rty s\u00a0kost\u00fdmovou tematikou.Aj ke\u010f sa tento trend uchytil v\u00a0na\u0161ej krajine, u\u00a0n\u00e1s sa toto obdobie viac vn\u00edma ako Sviatok v\u0161etk\u00fdch sv\u00e4t\u00fdch. Ke\u010f si \u010dlovek m\u00f4\u017ee tichou a\u00a0\u00faprimnou modlitbou ucti\u0165 t\u00fdch, ktor\u00ed u\u017e nie s\u00fa medzi nami a\u00a0ktor\u00fdch nos\u00edme v\u00a0na\u0161om srdci. Uctime si ich aj t\u00fdm, \u017ee skr\u00e1\u0161lime ich hroby.Ale je spr\u00e1vne sa dr\u017ea\u0165 star\u00fdch trad\u00edci\u00ed, ktor\u00e9 s\u00fa tu zau\u017e\u00edvan\u00e9? Doba sa men\u00ed, tak sk\u00fasme s\u00a0\u0148ou kr\u00e1\u010da\u0165 vpred. Ak poviem, \u017ee u\u00a0v\u00e4\u010d\u0161iny z\u00a0n\u00e1s je zau\u017e\u00edvan\u00e9 upravi\u0165 hrob vencami s\u00a0umel\u00fdmi kvetmi a\u00a0plastov\u00fdmi kahancami, tak len potvrd\u00edm, \u017ee je to pravda. \u010clovek je proste len \u010dlovek a\u00a0to, \u017ee sa dr\u017e\u00ed pravidla \u201ev\u0161etk\u00e9ho ve\u013ea\u201c sa mu ned\u00e1 zazlieva\u0165. Sk\u00fasme si to v\u0161imn\u00fa\u0165 na cintor\u00ednoch a\u00a0ak sa na to pozriete z\u00a0inej strany ur\u010dite zist\u00edme, \u017ee ist\u00fdm sp\u00f4sobom to nerob\u00edme pre na\u0161ich zosnul\u00fdch ale pre in\u00fdch \u013eud\u00ed. Pre o\u010di in\u00fdch \u013eud\u00ed, pre z\u00e1vis\u0165 in\u00fdch \u013eud\u00ed, pre chv\u00e1lu in\u00fdch.Netreba zab\u00fada\u0165 na to, \u017ee v\u00a0jednoduchosti je kr\u00e1sa a\u00a0hlavne sa to d\u00e1 urobi\u0165 tak, aby nebolo ubl\u00ed\u017een\u00e9 aj na\u0161ej pr\u00edrode. Uvedomme si, \u017ee pr\u00e1ve to, \u010do my pova\u017eujeme za kr\u00e1sne a\u00a0spr\u00e1vne \u010dasto \u0161kod\u00ed. \u010co ak by sme dali prednos\u0165 prirodzenej kr\u00e1se \u017eiv\u00fdch \u010di su\u0161en\u00fdch kvetov a\u00a0vencov? \u00c1no, ich plastov\u00e9 n\u00e1hrady s\u00edce vydr\u017eia dlh\u0161ie, ale s\u00fa ve\u013ekou z\u00e1\u0165a\u017eou pre na\u0161e \u017eivotn\u00e9 prostredie. A\u00a0povedzme si pravdu, \u017ee nie s\u00fa ani vhodn\u00fdm \u010di d\u00f4stojn\u00fdm estetick\u00fdm rie\u0161en\u00edm. U\u017e na z\u00e1kladnej \u0161kole sme sa nau\u010dili, \u017ee v pr\u00edrode sa plastov\u00fd odpad nerozklad\u00e1, \u0161kod\u00ed \u017eivo\u010d\u00edchom i\u00a0\u010dloveku a jeho spa\u013eovan\u00edm sa do ovzdu\u0161ia uvo\u013e\u0148uj\u00fa nebezpe\u010dn\u00e9 jedovat\u00e9 l\u00e1tky. Tak \u010do tak investova\u0165 do nie\u010doho \u00fanosnej\u0161ieho pre pr\u00edrodu, lep\u0161ie vyzeraj\u00faceho a\u00a0d\u00f4stojn\u00e9ho? Sk\u00fasme poprem\u00fd\u0161\u013ea\u0165.                                                                                                                                                                                                                                                                                                                                                                                        3.8\/5 - (16 votes)        "},{"@context":"https:\/\/schema.org\/","@type":"BreadcrumbList","itemListElement":[{"@type":"ListItem","position":1,"name":"Umel\u00e9 \u010di \u017eiv\u00e9?","item":"https:\/\/www.solutio.sk\/umele-ci-zive\/#breadcrumbitem"}]}]